{"id":1143,"date":"2025-01-08T14:16:38","date_gmt":"2025-01-08T14:16:38","guid":{"rendered":"https:\/\/bjarke-stal.se\/?p=1143"},"modified":"2025-02-26T14:14:27","modified_gmt":"2025-02-26T14:14:27","slug":"ursvik","status":"publish","type":"post","link":"https:\/\/bjarke-stal.se\/?p=1143","title":{"rendered":"Ursvik"},"content":{"rendered":"<p>[et_pb_section fb_built=&#8221;1&#8243; _builder_version=&#8221;4.27.0&#8243; _module_preset=&#8221;default&#8221; custom_margin=&#8221;-105px||-92px||false|false&#8221; custom_padding=&#8221;||||false|false&#8221; global_colors_info=&#8221;{}&#8221; background_color=&#8221;#f6f5f3&#8243; custom_margin_tablet=&#8221;-21px||||false|false&#8221; custom_margin_phone=&#8221;-38px||||false|false&#8221; custom_margin_last_edited=&#8221;on|tablet&#8221; hover_enabled=&#8221;0&#8243; sticky_enabled=&#8221;0&#8243;][et_pb_row column_structure=&#8221;1_2,1_2&#8243; use_custom_gutter=&#8221;on&#8221; gutter_width=&#8221;1&#8243; make_equal=&#8221;on&#8221; custom_padding_last_edited=&#8221;on|tablet&#8221; _builder_version=&#8221;4.27.0&#8243; _module_preset=&#8221;default&#8221; width=&#8221;75%&#8221; width_tablet=&#8221;90%&#8221; width_phone=&#8221;90%&#8221; width_last_edited=&#8221;on|phone&#8221; max_width=&#8221;100%&#8221; custom_margin_tablet=&#8221;&#8221; custom_margin_phone=&#8221;||-35px||false|false&#8221; custom_margin_last_edited=&#8221;on|tablet&#8221; custom_padding=&#8221;151px||37px||false|false&#8221; custom_padding_tablet=&#8221;0px||48px||false|false&#8221; custom_padding_phone=&#8221;0px||||false|false&#8221; global_colors_info=&#8221;{}&#8221;][et_pb_column type=&#8221;1_2&#8243; _builder_version=&#8221;4.27.0&#8243; _module_preset=&#8221;default&#8221; background_color=&#8221;#FFFFFF&#8221; custom_padding=&#8221;9%|4%|0px|4%|false|true&#8221; custom_padding_tablet=&#8221;6%|4%|0px|4%|false|true&#8221; custom_padding_phone=&#8221;12%||12%||false|true&#8221; custom_padding_last_edited=&#8221;on|phone&#8221; global_colors_info=&#8221;{}&#8221;][et_pb_text _builder_version=&#8221;4.27.0&#8243; _module_preset=&#8221;default&#8221; text_text_color=&#8221;#30201E&#8221; header_3_text_color=&#8221;#682326&#8243; header_3_font_size=&#8221;18px&#8221; custom_margin_phone=&#8221;-10px||||false|false&#8221; custom_padding_tablet=&#8221;||17px||false|false&#8221; custom_padding_phone=&#8221;||8px||false|false&#8221; custom_padding_last_edited=&#8221;on|tablet&#8221; global_colors_info=&#8221;{}&#8221;]<\/p>\n<h3 data-pm-slice=\"1 1 []\"><span><strong>H\u00e5llbara st\u00e5lr\u00e4cken f\u00f6r en urban milj\u00f6<\/strong><\/span><\/h3>\n<p>[\/et_pb_text][et_pb_text _builder_version=&#8221;4.27.0&#8243; _module_preset=&#8221;default&#8221; header_text_color=&#8221;#362019&#8243; header_font_size=&#8221;48px&#8221; header_2_font_size=&#8221;58px&#8221; custom_margin=&#8221;||||true|false&#8221; custom_padding=&#8221;0px||4px||false|false&#8221; custom_padding_tablet=&#8221;0px||12px||false|false&#8221; custom_padding_phone=&#8221;0px||12px||false|false&#8221; custom_padding_last_edited=&#8221;on|tablet&#8221; hover_enabled=&#8221;0&#8243; header_font_size_tablet=&#8221;&#8221; header_font_size_phone=&#8221;32px&#8221; header_font_size_last_edited=&#8221;on|phone&#8221; global_colors_info=&#8221;{}&#8221; sticky_enabled=&#8221;0&#8243; custom_margin_phone=&#8221;-22px||12px||false|false&#8221; custom_margin_tablet=&#8221;-22px||12px||false|false&#8221;]<\/p>\n<h1>Ursvik<\/h1>\n<p>[\/et_pb_text][et_pb_text _builder_version=&#8221;4.27.0&#8243; _module_preset=&#8221;default&#8221; text_text_color=&#8221;#30201E&#8221; header_3_text_color=&#8221;#682326&#8243; header_3_font_size=&#8221;18px&#8221; custom_margin=&#8221;9px||||false|false&#8221; hover_enabled=&#8221;0&#8243; global_colors_info=&#8221;{}&#8221; sticky_enabled=&#8221;0&#8243; custom_padding=&#8221;0px||18px||false|false&#8221;]<\/p>\n<p data-pm-slice=\"1 1 []\"><span>I Ursvik installerades r\u00e4cken med ram av plattj\u00e4rn 35&#215;8 mm och fyllnad av rundj\u00e4rn 12 mm. F\u00f6r extra funktionalitet kompletterades installationen med v\u00e4gghandledare av r\u00f6r med en diameter p\u00e5 34 mm. Denna l\u00f6sning s\u00e4kerst\u00e4ller b\u00e5de s\u00e4kerhet och en estetiskt tilltalande design i en urban milj\u00f6.<\/span><\/p>\n<p>[\/et_pb_text][\/et_pb_column][et_pb_column type=&#8221;1_2&#8243; _builder_version=&#8221;4.27.0&#8243; _module_preset=&#8221;default&#8221; global_colors_info=&#8221;{}&#8221;][et_pb_image src=&#8221;https:\/\/bjarke-stal.se\/wp-content\/uploads\/2025\/02\/IMG_4180-2.jpg&#8221; title_text=&#8221;IMG_4180-2&#8243; show_in_lightbox=&#8221;on&#8221; disabled_on=&#8221;on|on|off&#8221; _builder_version=&#8221;4.27.0&#8243; _module_preset=&#8221;default&#8221; global_colors_info=&#8221;{}&#8221;][\/et_pb_image][\/et_pb_column][\/et_pb_row][et_pb_row column_structure=&#8221;1_2,1_2&#8243; use_custom_gutter=&#8221;on&#8221; gutter_width=&#8221;2&#8243; make_equal=&#8221;on&#8221; disabled_on=&#8221;on|on|off&#8221; _builder_version=&#8221;4.27.0&#8243; _module_preset=&#8221;default&#8221; background_color=&#8221;#FFFFFF&#8221; width=&#8221;75%&#8221; max_width=&#8221;100%&#8221; custom_padding=&#8221;|3%||3%|false|true&#8221; global_colors_info=&#8221;{}&#8221;][et_pb_column type=&#8221;1_2&#8243; _builder_version=&#8221;4.27.0&#8243; _module_preset=&#8221;default&#8221; global_colors_info=&#8221;{}&#8221;][et_pb_image src=&#8221;https:\/\/bjarke-stal.se\/wp-content\/uploads\/2025\/02\/IMG_4179.jpg&#8221; title_text=&#8221;IMG_4179&#8243; show_in_lightbox=&#8221;on&#8221; _builder_version=&#8221;4.27.0&#8243; _module_preset=&#8221;default&#8221; global_colors_info=&#8221;{}&#8221;][\/et_pb_image][\/et_pb_column][et_pb_column type=&#8221;1_2&#8243; _builder_version=&#8221;4.27.0&#8243; _module_preset=&#8221;default&#8221; global_colors_info=&#8221;{}&#8221;][et_pb_image src=&#8221;https:\/\/bjarke-stal.se\/wp-content\/uploads\/2025\/02\/IMG_4175.jpg&#8221; title_text=&#8221;IMG_4175&#8243; show_in_lightbox=&#8221;on&#8221; _builder_version=&#8221;4.27.0&#8243; _module_preset=&#8221;default&#8221; global_colors_info=&#8221;{}&#8221;][\/et_pb_image][\/et_pb_column][\/et_pb_row][et_pb_row column_structure=&#8221;1_2,1_2&#8243; use_custom_gutter=&#8221;on&#8221; gutter_width=&#8221;2&#8243; make_equal=&#8221;on&#8221; disabled_on=&#8221;on|on|off&#8221; _builder_version=&#8221;4.27.0&#8243; _module_preset=&#8221;default&#8221; background_color=&#8221;#FFFFFF&#8221; width=&#8221;75%&#8221; max_width=&#8221;100%&#8221; custom_padding=&#8221;|3%||3%|false|true&#8221; global_colors_info=&#8221;{}&#8221;][et_pb_column type=&#8221;1_2&#8243; _builder_version=&#8221;4.27.0&#8243; _module_preset=&#8221;default&#8221; global_colors_info=&#8221;{}&#8221;][et_pb_image src=&#8221;https:\/\/bjarke-stal.se\/wp-content\/uploads\/2025\/02\/IMG_4177.jpg&#8221; title_text=&#8221;IMG_4177&#8243; show_in_lightbox=&#8221;on&#8221; _builder_version=&#8221;4.27.0&#8243; _module_preset=&#8221;default&#8221; global_colors_info=&#8221;{}&#8221;][\/et_pb_image][\/et_pb_column][et_pb_column type=&#8221;1_2&#8243; _builder_version=&#8221;4.27.0&#8243; _module_preset=&#8221;default&#8221; global_colors_info=&#8221;{}&#8221;][et_pb_image src=&#8221;https:\/\/bjarke-stal.se\/wp-content\/uploads\/2025\/02\/IMG_4173.jpg&#8221; title_text=&#8221;IMG_4173&#8243; show_in_lightbox=&#8221;on&#8221; _builder_version=&#8221;4.27.0&#8243; _module_preset=&#8221;default&#8221; global_colors_info=&#8221;{}&#8221;][\/et_pb_image][\/et_pb_column][\/et_pb_row][et_pb_row use_custom_gutter=&#8221;on&#8221; make_equal=&#8221;on&#8221; disabled_on=&#8221;off|off|on&#8221; _builder_version=&#8221;4.27.0&#8243; _module_preset=&#8221;default&#8221; background_color=&#8221;#FFFFFF&#8221; width=&#8221;90%&#8221; max_width=&#8221;100%&#8221; custom_margin=&#8221;0px||||false|false&#8221; custom_padding=&#8221;4%|4%|4%|4%|true|true&#8221; global_colors_info=&#8221;{}&#8221;][et_pb_column type=&#8221;4_4&#8243; _builder_version=&#8221;4.27.0&#8243; _module_preset=&#8221;default&#8221; global_colors_info=&#8221;{}&#8221;][et_pb_gallery gallery_ids=&#8221;232546,232545,232544,232543,232541&#8243; fullwidth=&#8221;on&#8221; _builder_version=&#8221;4.27.0&#8243; _module_preset=&#8221;default&#8221; pagination_text_color=&#8221;#FFFFFF&#8221; background_color=&#8221;#FFFFFF&#8221; max_width=&#8221;100%&#8221; global_colors_info=&#8221;{}&#8221;][\/et_pb_gallery][\/et_pb_column][\/et_pb_row][et_pb_row column_structure=&#8221;1_5,3_5,1_5&#8243; use_custom_gutter=&#8221;on&#8221; gutter_width=&#8221;2&#8243; disabled_on=&#8221;on|on|off&#8221; _builder_version=&#8221;4.27.0&#8243; _module_preset=&#8221;default&#8221; background_color=&#8221;#FFFFFF&#8221; width=&#8221;75%&#8221; max_width=&#8221;100%&#8221; custom_margin=&#8221;3%||||false|false&#8221; custom_padding=&#8221;42px|||||&#8221; global_colors_info=&#8221;{}&#8221;][et_pb_column type=&#8221;1_5&#8243; _builder_version=&#8221;4.27.0&#8243; _module_preset=&#8221;default&#8221; global_colors_info=&#8221;{}&#8221;][\/et_pb_column][et_pb_column type=&#8221;3_5&#8243; _builder_version=&#8221;4.27.0&#8243; _module_preset=&#8221;default&#8221; global_colors_info=&#8221;{}&#8221;][et_pb_cta title=&#8221;Vill du veta mer eller diskutera ditt projekt?&#8221; _builder_version=&#8221;4.27.0&#8243; _module_preset=&#8221;default&#8221; header_text_color=&#8221;#362019&#8243; header_font_size=&#8221;38px&#8221; header_line_height=&#8221;1.4em&#8221; body_font=&#8221;&#8211;et_global_body_font|300|||||||&#8221; body_text_color=&#8221;#362019&#8243; body_font_size=&#8221;16px&#8221; background_color=&#8221;RGBA(255,255,255,0)&#8221; custom_button=&#8221;on&#8221; button_text_color=&#8221;RGBA(255,255,255,0)&#8221; custom_margin=&#8221;||6px|||&#8221; custom_padding=&#8221;5px||5px||true|false&#8221; global_colors_info=&#8221;{}&#8221;]<\/p>\n<p>Vi p\u00e5 Bj\u00e4rke St\u00e5l AB hj\u00e4lper dig g\u00e4rna att skapa h\u00e5llbara och estetiska st\u00e5lkonstruktioner, precis som i detta kundcase. Vi finns h\u00e4r f\u00f6r att bist\u00e5 dig med allt fr\u00e5n r\u00e5dgivning och design till tillverkning och montering. H\u00f6r av dig s\u00e5 diskuterar vi dina id\u00e9er och behov \u2013 vi finns bara ett samtal bort!<\/p>\n<p>[\/et_pb_cta][et_pb_button button_url=&#8221;@ET-DC@eyJkeW5hbWljIjp0cnVlLCJjb250ZW50IjoicG9zdF9saW5rX3VybF9wYWdlIiwic2V0dGluZ3MiOnsicG9zdF9pZCI6Ijc5MSJ9fQ==@&#8221; button_text=&#8221;Kontakta oss&#8221; button_alignment=&#8221;center&#8221; _builder_version=&#8221;4.27.0&#8243; _dynamic_attributes=&#8221;button_url&#8221; _module_preset=&#8221;default&#8221; custom_margin=&#8221;||20px|||&#8221; global_colors_info=&#8221;{}&#8221; button_bg_enable_color__hover=&#8221;on&#8221;][\/et_pb_button][\/et_pb_column][et_pb_column type=&#8221;1_5&#8243; _builder_version=&#8221;4.27.0&#8243; _module_preset=&#8221;default&#8221; global_colors_info=&#8221;{}&#8221;][\/et_pb_column][\/et_pb_row][et_pb_row column_structure=&#8221;1_2,1_2&#8243; use_custom_gutter=&#8221;on&#8221; gutter_width=&#8221;1&#8243; make_equal=&#8221;on&#8221; custom_padding_last_edited=&#8221;on|tablet&#8221; disabled_on=&#8221;off|off|on&#8221; _builder_version=&#8221;4.27.0&#8243; _module_preset=&#8221;default&#8221; width=&#8221;75%&#8221; width_tablet=&#8221;90%&#8221; width_phone=&#8221;90%&#8221; width_last_edited=&#8221;on|phone&#8221; max_width=&#8221;100%&#8221; custom_margin=&#8221;25px||||false|false&#8221; custom_padding=&#8221;84px||109px||false|false&#8221; custom_padding_tablet=&#8221;0px||48px||false|false&#8221; custom_padding_phone=&#8221;0px||||false|false&#8221; global_colors_info=&#8221;{}&#8221;][et_pb_column type=&#8221;1_2&#8243; _builder_version=&#8221;4.27.0&#8243; _module_preset=&#8221;default&#8221; background_color=&#8221;#FFFFFF&#8221; custom_padding=&#8221;6%|4%|0px|4%|false|true&#8221; custom_padding_tablet=&#8221;6%|4%|0px|4%|false|true&#8221; custom_padding_phone=&#8221;12%||||false|true&#8221; custom_padding_last_edited=&#8221;on|phone&#8221; global_colors_info=&#8221;{}&#8221;][et_pb_text _builder_version=&#8221;4.27.0&#8243; _module_preset=&#8221;default&#8221; header_2_font_size=&#8221;58px&#8221; custom_margin=&#8221;21px||21px||true|false&#8221; custom_padding=&#8221;0px||8px||false|false&#8221; header_2_font_size_phone=&#8221;24px&#8221; global_colors_info=&#8221;{}&#8221;]<\/p>\n<h2 class=\"et_pb_module_header et-fb-editable-element et-fb-editable-element__editing\" data-shortcode-id=\"1.4.1.0-1739875410902\" data-quickaccess-id=\"header\" contenteditable=\"true\">Vill du veta mer eller diskutera ditt projekt?<\/h2>\n<p>[\/et_pb_text][et_pb_text _builder_version=&#8221;4.27.0&#8243; _module_preset=&#8221;default&#8221; text_text_color=&#8221;#30201E&#8221; global_colors_info=&#8221;{}&#8221;]<\/p>\n<p data-pm-slice=\"1 1 []\">Vi p\u00e5 Bj\u00e4rke St\u00e5l AB hj\u00e4lper dig g\u00e4rna att skapa h\u00e5llbara och estetiska st\u00e5lkonstruktioner, precis som i detta kundcase. Vi finns h\u00e4r f\u00f6r att bist\u00e5 dig med allt fr\u00e5n r\u00e5dgivning och design till tillverkning och montering.<\/p>\n<p data-pm-slice=\"1 1 []\">H\u00f6r av dig s\u00e5 diskuterar vi dina id\u00e9er och behov \u2013 vi finns bara ett samtal bort!<\/p>\n<p>[\/et_pb_text][et_pb_button button_url=&#8221;@ET-DC@eyJkeW5hbWljIjp0cnVlLCJjb250ZW50IjoicG9zdF9saW5rX3VybF9wYWdlIiwic2V0dGluZ3MiOnsicG9zdF9pZCI6Ijc5MSJ9fQ==@&#8221; button_text=&#8221;Kontakta oss&#8221; _builder_version=&#8221;4.27.0&#8243; _dynamic_attributes=&#8221;button_url&#8221; _module_preset=&#8221;default&#8221; button_text_color=&#8221;#FAF9F8&#8243; button_bg_color=&#8221;#9B342B&#8221; button_border_color=&#8221;RGBA(255,255,255,0)&#8221; custom_margin=&#8221;21px||30px||false|false&#8221; global_colors_info=&#8221;{}&#8221; button_text_color__hover_enabled=&#8221;on|hover&#8221; button_text_color__hover=&#8221;#9B342B&#8221;][\/et_pb_button][\/et_pb_column][et_pb_column type=&#8221;1_2&#8243; _builder_version=&#8221;4.27.0&#8243; _module_preset=&#8221;default&#8221; global_colors_info=&#8221;{}&#8221;][et_pb_image src=&#8221;https:\/\/bjarke-stal.se\/wp-content\/uploads\/2025\/02\/9C8A4127-2.jpg&#8221; title_text=&#8221;9C8A4127-2&#8243; disabled_on=&#8221;on|on|off&#8221; _builder_version=&#8221;4.27.0&#8243; _module_preset=&#8221;default&#8221; global_colors_info=&#8221;{}&#8221;][\/et_pb_image][\/et_pb_column][\/et_pb_row][\/et_pb_section]<\/p>\n","protected":false},"excerpt":{"rendered":"<p>H\u00e5llbara st\u00e5lr\u00e4cken f\u00f6r en urban milj\u00f6UrsvikI Ursvik installerades r\u00e4cken med ram av plattj\u00e4rn 35&#215;8 mm och fyllnad av rundj\u00e4rn 12 mm. F\u00f6r extra funktionalitet kompletterades installationen med v\u00e4gghandledare av r\u00f6r med en diameter p\u00e5 34 mm. Denna l\u00f6sning s\u00e4kerst\u00e4ller b\u00e5de s\u00e4kerhet och en estetiskt tilltalande design i en urban milj\u00f6.Vi p\u00e5 Bj\u00e4rke St\u00e5l AB hj\u00e4lper [&hellip;]<\/p>\n","protected":false},"author":2,"featured_media":0,"comment_status":"closed","ping_status":"open","sticky":false,"template":"","format":"standard","meta":{"_et_pb_use_builder":"on","_et_pb_old_content":"","_et_gb_content_width":"2880","footnotes":""},"categories":[9],"tags":[],"class_list":["post-1143","post","type-post","status-publish","format-standard","hentry","category-kundcase"],"_links":{"self":[{"href":"https:\/\/bjarke-stal.se\/index.php?rest_route=\/wp\/v2\/posts\/1143","targetHints":{"allow":["GET"]}}],"collection":[{"href":"https:\/\/bjarke-stal.se\/index.php?rest_route=\/wp\/v2\/posts"}],"about":[{"href":"https:\/\/bjarke-stal.se\/index.php?rest_route=\/wp\/v2\/types\/post"}],"author":[{"embeddable":true,"href":"https:\/\/bjarke-stal.se\/index.php?rest_route=\/wp\/v2\/users\/2"}],"replies":[{"embeddable":true,"href":"https:\/\/bjarke-stal.se\/index.php?rest_route=%2Fwp%2Fv2%2Fcomments&post=1143"}],"version-history":[{"count":6,"href":"https:\/\/bjarke-stal.se\/index.php?rest_route=\/wp\/v2\/posts\/1143\/revisions"}],"predecessor-version":[{"id":232807,"href":"https:\/\/bjarke-stal.se\/index.php?rest_route=\/wp\/v2\/posts\/1143\/revisions\/232807"}],"wp:attachment":[{"href":"https:\/\/bjarke-stal.se\/index.php?rest_route=%2Fwp%2Fv2%2Fmedia&parent=1143"}],"wp:term":[{"taxonomy":"category","embeddable":true,"href":"https:\/\/bjarke-stal.se\/index.php?rest_route=%2Fwp%2Fv2%2Fcategories&post=1143"},{"taxonomy":"post_tag","embeddable":true,"href":"https:\/\/bjarke-stal.se\/index.php?rest_route=%2Fwp%2Fv2%2Ftags&post=1143"}],"curies":[{"name":"wp","href":"https:\/\/api.w.org\/{rel}","templated":true}]}}